{"id":2268,"date":"2026-08-31T15:34:53","date_gmt":"2026-08-31T14:34:53","guid":{"rendered":"https:\/\/asael.fr\/?p=2268"},"modified":"2026-08-31T15:34:55","modified_gmt":"2026-08-31T14:34:55","slug":"lasael-est-fiere-de-participer-au-festival-du-film-social","status":"publish","type":"post","link":"https:\/\/asael.fr\/?p=2268","title":{"rendered":"L\u2019ASAEL est fi\u00e8re de participer au Festival du film social\u2026"},"content":{"rendered":"\n<p class=\"wp-block-paragraph\">L\u2019association est heureuse d\u2019annoncer qu\u2019elle a rejoint le projet conduit par la Maison du Logement, d\u2019organisation de la 8<sup>\u00e8me<\/sup> \u00e9dition du Festival du film social.<\/p>\n\n\n\n<p class=\"wp-block-paragraph\">Cr\u00e9\u00e9 en 2019 par l\u2019association La 25e image, le Festival du film social est un rendez-vous cin\u00e9matographique qui r\u00e9unit professionnels du cin\u00e9ma, acteurs du secteur social et grand public. Plus qu\u2019un simple \u00e9v\u00e9nement culturel, il constitue un v\u00e9ritable outil de r\u00e9flexion, de formation et de mobilisation citoyenne, donnant \u00e0 voir, \u00e0 comprendre et \u00e0 questionner le r\u00e9el \u00e0 travers un cin\u00e9ma exigeant et profond\u00e9ment humain.<\/p>\n\n\n\n<p class=\"wp-block-paragraph\">Le festival a pour objectif de mettre en lumi\u00e8re les parcours et les exp\u00e9riences des personnes en situation de vuln\u00e9rabilit\u00e9, tout en valorisant les pratiques d\u2019accompagnement social et les m\u00e9tiers de l\u2019humain.<\/p>\n\n\n\n<p class=\"wp-block-paragraph\">Gr\u00e2ce \u00e0 l\u2019engagement de ses membres et partenaires locaux, les films de la s\u00e9lection officielle sont projet\u00e9s sur de nombreux sites \u00e0 travers la France. Chaque projection est l\u2019occasion d\u2019\u00e9changer lors de d\u00e9bats et de participer \u00e0 des \u00e9v\u00e9nements associ\u00e9s.<\/p>\n\n\n\n<p class=\"wp-block-paragraph\"><strong>Nous vous invitons donc \u00e0 venir en nombre \u00e0 la <u>soir\u00e9e du jeudi 8 octobre \u00e0 Dax<\/u>.<\/strong><\/p>\n\n\n\n<p class=\"wp-block-paragraph\"><\/p>\n\n\n\n<figure class=\"wp-block-image size-large is-resized\"><a href=\"https:\/\/asael.fr\/wp-content\/uploads\/2026\/08\/image-2.png\"><img loading=\"lazy\" decoding=\"async\" width=\"724\" height=\"1024\" src=\"https:\/\/asael.fr\/wp-content\/uploads\/2026\/08\/image-2-724x1024.png\" alt=\"\" class=\"wp-image-2269\" style=\"aspect-ratio:0.7070341152343458;width:783px;height:auto\" srcset=\"https:\/\/asael.fr\/wp-content\/uploads\/2026\/08\/image-2-724x1024.png 724w, https:\/\/asael.fr\/wp-content\/uploads\/2026\/08\/image-2-212x300.png 212w, https:\/\/asael.fr\/wp-content\/uploads\/2026\/08\/image-2-768x1086.png 768w, https:\/\/asael.fr\/wp-content\/uploads\/2026\/08\/image-2-1086x1536.png 1086w, https:\/\/asael.fr\/wp-content\/uploads\/2026\/08\/image-2-1448x2048.png 1448w, https:\/\/asael.fr\/wp-content\/uploads\/2026\/08\/image-2-1320x1866.png 1320w, https:\/\/asael.fr\/wp-content\/uploads\/2026\/08\/image-2.png 1654w\" sizes=\"auto, (max-width: 724px) 100vw, 724px\" \/><\/a><\/figure>\n","protected":false},"excerpt":{"rendered":"<p>L\u2019association est heureuse d\u2019annoncer qu\u2019elle a rejoint le projet conduit par la Maison du Logement, d\u2019organisation de la 8\u00e8me \u00e9dition du Festival du film social. Cr\u00e9\u00e9 en 2019 par l\u2019association La 25e image, le&#46;&#46;&#46;<\/p>\n","protected":false},"author":4,"featured_media":2271,"comment_status":"closed","ping_status":"closed","sticky":false,"template":"","format":"standard","meta":{"footnotes":""},"categories":[2],"tags":[],"class_list":["post-2268","post","type-post","status-publish","format-standard","has-post-thumbnail","hentry","category-actualite"],"_links":{"self":[{"href":"https:\/\/asael.fr\/index.php?rest_route=\/wp\/v2\/posts\/2268","targetHints":{"allow":["GET"]}}],"collection":[{"href":"https:\/\/asael.fr\/index.php?rest_route=\/wp\/v2\/posts"}],"about":[{"href":"https:\/\/asael.fr\/index.php?rest_route=\/wp\/v2\/types\/post"}],"author":[{"embeddable":true,"href":"https:\/\/asael.fr\/index.php?rest_route=\/wp\/v2\/users\/4"}],"replies":[{"embeddable":true,"href":"https:\/\/asael.fr\/index.php?rest_route=%2Fwp%2Fv2%2Fcomments&post=2268"}],"version-history":[{"count":1,"href":"https:\/\/asael.fr\/index.php?rest_route=\/wp\/v2\/posts\/2268\/revisions"}],"predecessor-version":[{"id":2270,"href":"https:\/\/asael.fr\/index.php?rest_route=\/wp\/v2\/posts\/2268\/revisions\/2270"}],"wp:featuredmedia":[{"embeddable":true,"href":"https:\/\/asael.fr\/index.php?rest_route=\/wp\/v2\/media\/2271"}],"wp:attachment":[{"href":"https:\/\/asael.fr\/index.php?rest_route=%2Fwp%2Fv2%2Fmedia&parent=2268"}],"wp:term":[{"taxonomy":"category","embeddable":true,"href":"https:\/\/asael.fr\/index.php?rest_route=%2Fwp%2Fv2%2Fcategories&post=2268"},{"taxonomy":"post_tag","embeddable":true,"href":"https:\/\/asael.fr\/index.php?rest_route=%2Fwp%2Fv2%2Ftags&post=2268"}],"curies":[{"name":"wp","href":"https:\/\/api.w.org\/{rel}","templated":true}]}}