{"id":2136,"date":"2026-04-27T16:05:10","date_gmt":"2026-04-27T15:05:10","guid":{"rendered":"https:\/\/asael.fr\/?p=2136"},"modified":"2026-04-27T16:26:23","modified_gmt":"2026-04-27T15:26:23","slug":"installation-officielle-de-liflts","status":"publish","type":"post","link":"https:\/\/asael.fr\/?p=2136","title":{"rendered":"Installation officielle de l\u2019IFLTS\u2026"},"content":{"rendered":"\n<p>Lors de la 4<sup>\u00e8me<\/sup> conf\u00e9rence annuelle de l\u2019attractivit\u00e9 des m\u00e9tiers de l\u2019accompagnement, ce mardi 21 avril 2026 \u00e0 Pontonx-sur-l\u2019Adour, monsieur Xavier FORTINON, Pr\u00e9sident du CD des Landes, a souhait\u00e9 lancer officiellement l\u2019ouverture de l\u2019Institut F\u00e9d\u00e9ratif Landais du Travail Social (IFLTS).<\/p>\n\n\n\n<p>Il a rappel\u00e9, \u00e0 cette occasion, tout le chemin parcouru, tous les freins \u00e0 lever et toute l\u2019\u00e9nergie mobilis\u00e9e par l\u2019ensemble des acteurs int\u00e9ress\u00e9s par ce projet, pour aboutir \u00e0 la cr\u00e9ation de cet institut innovant et unique en France.<\/p>\n\n\n\n<p>Monsieur Paul CARRERE, Vice-pr\u00e9sident du CD40 et l\u2019un des porteurs engag\u00e9s du projet, a pr\u00e9sent\u00e9 les membres nouvellement \u00e9lus du conseil d\u2019administration de l\u2019IFLTS, qui \u00e9taient pr\u00e9sents lors de cette journ\u00e9e.<\/p>\n\n\n\n<p>L\u2019association \u00e9tait repr\u00e9sent\u00e9e, dans cette instance, par son Directeur g\u00e9n\u00e9ral, et sous le regard de son Pr\u00e9sident, Alain GASTON.<\/p>\n<p>\u00a0<\/p>\n\n\n\n<figure class=\"wp-block-gallery has-nested-images columns-default is-cropped wp-block-gallery-1 is-layout-flex wp-block-gallery-is-layout-flex\">\n<figure class=\"wp-block-image size-large\"><a href=\"https:\/\/asael.fr\/wp-content\/uploads\/2026\/04\/1.png\"><img loading=\"lazy\" decoding=\"async\" width=\"940\" height=\"788\" data-id=\"2168\" src=\"https:\/\/asael.fr\/wp-content\/uploads\/2026\/04\/1.png\" alt=\"\" class=\"wp-image-2168\" srcset=\"https:\/\/asael.fr\/wp-content\/uploads\/2026\/04\/1.png 940w, https:\/\/asael.fr\/wp-content\/uploads\/2026\/04\/1-300x251.png 300w, https:\/\/asael.fr\/wp-content\/uploads\/2026\/04\/1-768x644.png 768w\" sizes=\"auto, (max-width: 940px) 100vw, 940px\" \/><\/a><\/figure>\n<\/figure>\n\n\n\n<figure class=\"wp-block-image size-full is-resized\"><a href=\"https:\/\/asael.fr\/wp-content\/uploads\/2026\/04\/2.png\"><img loading=\"lazy\" decoding=\"async\" width=\"940\" height=\"788\" src=\"https:\/\/asael.fr\/wp-content\/uploads\/2026\/04\/2.png\" alt=\"\" class=\"wp-image-2169\" style=\"width:978px;height:auto\" srcset=\"https:\/\/asael.fr\/wp-content\/uploads\/2026\/04\/2.png 940w, https:\/\/asael.fr\/wp-content\/uploads\/2026\/04\/2-300x251.png 300w, https:\/\/asael.fr\/wp-content\/uploads\/2026\/04\/2-768x644.png 768w\" sizes=\"auto, (max-width: 940px) 100vw, 940px\" \/><\/a><\/figure>\n\n\n\n<figure class=\"wp-block-image size-full is-resized\"><a href=\"https:\/\/asael.fr\/wp-content\/uploads\/2026\/04\/3.png\"><img loading=\"lazy\" decoding=\"async\" width=\"940\" height=\"788\" src=\"https:\/\/asael.fr\/wp-content\/uploads\/2026\/04\/3.png\" alt=\"\" class=\"wp-image-2170\" style=\"width:973px;height:auto\" srcset=\"https:\/\/asael.fr\/wp-content\/uploads\/2026\/04\/3.png 940w, https:\/\/asael.fr\/wp-content\/uploads\/2026\/04\/3-300x251.png 300w, https:\/\/asael.fr\/wp-content\/uploads\/2026\/04\/3-768x644.png 768w\" sizes=\"auto, (max-width: 940px) 100vw, 940px\" \/><\/a><\/figure>\n\n\n\n\n\n<div class=\"wp-block-columns is-layout-flex wp-container-core-columns-is-layout-9d6595d7 wp-block-columns-is-layout-flex\">\n<div class=\"wp-block-column is-layout-flow wp-block-column-is-layout-flow\"><\/div>\n\n\n\n<div class=\"wp-block-column is-layout-flow wp-block-column-is-layout-flow\"><\/div>\n<\/div>\n\n\n\n\n\n<div class=\"wp-block-columns is-layout-flex wp-container-core-columns-is-layout-9d6595d7 wp-block-columns-is-layout-flex\">\n<div class=\"wp-block-column is-layout-flow wp-block-column-is-layout-flow\"><\/div>\n\n\n\n<div class=\"wp-block-column is-layout-flow wp-block-column-is-layout-flow\"><\/div>\n<\/div>\n\n\n\n\n\n\n\n\n","protected":false},"excerpt":{"rendered":"<p>Lors de la 4\u00e8me conf\u00e9rence annuelle de l\u2019attractivit\u00e9 des m\u00e9tiers de l\u2019accompagnement, ce mardi 21 avril 2026 \u00e0 Pontonx-sur-l\u2019Adour, monsieur Xavier FORTINON, Pr\u00e9sident du CD des Landes, a souhait\u00e9 lancer officiellement l\u2019ouverture de l\u2019Institut&#46;&#46;&#46;<\/p>\n","protected":false},"author":4,"featured_media":0,"comment_status":"closed","ping_status":"closed","sticky":false,"template":"","format":"standard","meta":{"footnotes":""},"categories":[2],"tags":[],"class_list":["post-2136","post","type-post","status-publish","format-standard","hentry","category-actualite"],"_links":{"self":[{"href":"https:\/\/asael.fr\/index.php?rest_route=\/wp\/v2\/posts\/2136","targetHints":{"allow":["GET"]}}],"collection":[{"href":"https:\/\/asael.fr\/index.php?rest_route=\/wp\/v2\/posts"}],"about":[{"href":"https:\/\/asael.fr\/index.php?rest_route=\/wp\/v2\/types\/post"}],"author":[{"embeddable":true,"href":"https:\/\/asael.fr\/index.php?rest_route=\/wp\/v2\/users\/4"}],"replies":[{"embeddable":true,"href":"https:\/\/asael.fr\/index.php?rest_route=%2Fwp%2Fv2%2Fcomments&post=2136"}],"version-history":[{"count":8,"href":"https:\/\/asael.fr\/index.php?rest_route=\/wp\/v2\/posts\/2136\/revisions"}],"predecessor-version":[{"id":2173,"href":"https:\/\/asael.fr\/index.php?rest_route=\/wp\/v2\/posts\/2136\/revisions\/2173"}],"wp:attachment":[{"href":"https:\/\/asael.fr\/index.php?rest_route=%2Fwp%2Fv2%2Fmedia&parent=2136"}],"wp:term":[{"taxonomy":"category","embeddable":true,"href":"https:\/\/asael.fr\/index.php?rest_route=%2Fwp%2Fv2%2Fcategories&post=2136"},{"taxonomy":"post_tag","embeddable":true,"href":"https:\/\/asael.fr\/index.php?rest_route=%2Fwp%2Fv2%2Ftags&post=2136"}],"curies":[{"name":"wp","href":"https:\/\/api.w.org\/{rel}","templated":true}]}}