{"id":2018,"date":"2025-10-06T09:17:44","date_gmt":"2025-10-06T08:17:44","guid":{"rendered":"https:\/\/asael.fr\/?p=2018"},"modified":"2025-10-06T09:17:44","modified_gmt":"2025-10-06T08:17:44","slug":"un-forum-des-metiers-a-mont-de-marsan","status":"publish","type":"post","link":"https:\/\/asael.fr\/?p=2018","title":{"rendered":"<strong><u>Un forum des m\u00e9tiers \u00e0 Mont-de-Marsan\u2026<\/u><\/strong>"},"content":{"rendered":"\n<p><\/p>\n\n\n\n<p>L\u2019ASAEL salue l\u2019initiative de l\u2019agglom\u00e9ration de Mont-de-Marsan, de France Travail et du CREPI Pyr\u00e9n\u00e9es qui ont organis\u00e9, mercredi 17 septembre 2025, la 6<sup>\u00e8me<\/sup> \u00e9dition de la \u00ab\u00a0Passerelle de la formation vers l\u2019emploi\u00a0\u00bb. L\u2019\u00e9v\u00e8nement avait un double objectif\u00a0: mettre en relation des employeurs et des candidats, ainsi que de favoriser le d\u00e9veloppement de la qualification et des comp\u00e9tences des demandeurs d\u2019emploi, par la formation.<\/p>\n<p>Nathalie LASSERRE, \u00e9ducatrice sp\u00e9cialis\u00e9e, et Eric LAHBIB, directeur g\u00e9n\u00e9ral, ont repr\u00e9sent\u00e9 l\u2019association au cours de ce forum. Une nouvelle occasion pour l\u2019ASAEL de d\u00e9fendre l\u2019int\u00e9r\u00eat de nos m\u00e9tiers et donner envie \u00e0 des jeunes et moins jeunes, de s\u2019engager dans le secteur de la protection de l\u2019enfance.<\/p>\n<p>Nous n\u2019avons pas \u00e9t\u00e9 d\u00e9\u00e7us par la forte fr\u00e9quentation et par l\u2019int\u00e9r\u00eat que nous ont port\u00e9 des demandeurs d\u2019emploi.<\/p>\n<p>\u00a0<\/p>\n<p>\u00a0<\/p>\n\n\n\n<figure class=\"wp-block-gallery has-nested-images columns-default is-cropped wp-block-gallery-1 is-layout-flex wp-block-gallery-is-layout-flex\"><\/figure>\n\n\n\n<div class=\"wp-block-columns is-layout-flex wp-container-core-columns-is-layout-9d6595d7 wp-block-columns-is-layout-flex\">\n<div class=\"wp-block-column is-layout-flow wp-block-column-is-layout-flow\" style=\"flex-basis:25%\">\n<figure class=\"wp-block-image size-full is-resized\"><a href=\"https:\/\/asael.fr\/wp-content\/uploads\/2025\/10\/image.png\"><img loading=\"lazy\" decoding=\"async\" src=\"https:\/\/asael.fr\/wp-content\/uploads\/2025\/10\/image.png\" alt=\"\" class=\"wp-image-2019\" width=\"202\" height=\"269\" srcset=\"https:\/\/asael.fr\/wp-content\/uploads\/2025\/10\/image.png 709w, https:\/\/asael.fr\/wp-content\/uploads\/2025\/10\/image-225x300.png 225w\" sizes=\"auto, (max-width: 202px) 100vw, 202px\" \/><\/a><\/figure>\n<\/div>\n\n\n\n<div class=\"wp-block-column is-layout-flow wp-block-column-is-layout-flow\" style=\"flex-basis:50%\">\n<figure class=\"wp-block-image size-full is-resized\"><a href=\"https:\/\/asael.fr\/wp-content\/uploads\/2025\/10\/image-1.png\"><img loading=\"lazy\" decoding=\"async\" src=\"https:\/\/asael.fr\/wp-content\/uploads\/2025\/10\/image-1.png\" alt=\"\" class=\"wp-image-2020\" width=\"352\" height=\"264\" srcset=\"https:\/\/asael.fr\/wp-content\/uploads\/2025\/10\/image-1.png 945w, https:\/\/asael.fr\/wp-content\/uploads\/2025\/10\/image-1-300x225.png 300w, https:\/\/asael.fr\/wp-content\/uploads\/2025\/10\/image-1-768x576.png 768w\" sizes=\"auto, (max-width: 352px) 100vw, 352px\" \/><\/a><\/figure>\n<\/div>\n\n\n\n<div class=\"wp-block-column is-layout-flow wp-block-column-is-layout-flow\" style=\"flex-basis:25%\">\n<figure class=\"wp-block-image size-full\"><a href=\"https:\/\/asael.fr\/wp-content\/uploads\/2025\/10\/image-2.png\"><img loading=\"lazy\" decoding=\"async\" width=\"945\" height=\"709\" src=\"https:\/\/asael.fr\/wp-content\/uploads\/2025\/10\/image-2.png\" alt=\"\" class=\"wp-image-2021\" srcset=\"https:\/\/asael.fr\/wp-content\/uploads\/2025\/10\/image-2.png 945w, https:\/\/asael.fr\/wp-content\/uploads\/2025\/10\/image-2-300x225.png 300w, https:\/\/asael.fr\/wp-content\/uploads\/2025\/10\/image-2-768x576.png 768w\" sizes=\"auto, (max-width: 945px) 100vw, 945px\" \/><\/a><\/figure>\n<\/div>\n<\/div>\n","protected":false},"excerpt":{"rendered":"<p>L\u2019ASAEL salue l\u2019initiative de l\u2019agglom\u00e9ration de Mont-de-Marsan, de France Travail et du CREPI Pyr\u00e9n\u00e9es qui ont organis\u00e9, mercredi 17 septembre 2025, la 6\u00e8me \u00e9dition de la \u00ab\u00a0Passerelle de la formation vers l\u2019emploi\u00a0\u00bb. L\u2019\u00e9v\u00e8nement avait&#46;&#46;&#46;<\/p>\n","protected":false},"author":4,"featured_media":2019,"comment_status":"closed","ping_status":"closed","sticky":true,"template":"","format":"standard","meta":{"footnotes":""},"categories":[2],"tags":[],"class_list":["post-2018","post","type-post","status-publish","format-standard","has-post-thumbnail","hentry","category-actualite"],"_links":{"self":[{"href":"https:\/\/asael.fr\/index.php?rest_route=\/wp\/v2\/posts\/2018","targetHints":{"allow":["GET"]}}],"collection":[{"href":"https:\/\/asael.fr\/index.php?rest_route=\/wp\/v2\/posts"}],"about":[{"href":"https:\/\/asael.fr\/index.php?rest_route=\/wp\/v2\/types\/post"}],"author":[{"embeddable":true,"href":"https:\/\/asael.fr\/index.php?rest_route=\/wp\/v2\/users\/4"}],"replies":[{"embeddable":true,"href":"https:\/\/asael.fr\/index.php?rest_route=%2Fwp%2Fv2%2Fcomments&post=2018"}],"version-history":[{"count":1,"href":"https:\/\/asael.fr\/index.php?rest_route=\/wp\/v2\/posts\/2018\/revisions"}],"predecessor-version":[{"id":2022,"href":"https:\/\/asael.fr\/index.php?rest_route=\/wp\/v2\/posts\/2018\/revisions\/2022"}],"wp:featuredmedia":[{"embeddable":true,"href":"https:\/\/asael.fr\/index.php?rest_route=\/wp\/v2\/media\/2019"}],"wp:attachment":[{"href":"https:\/\/asael.fr\/index.php?rest_route=%2Fwp%2Fv2%2Fmedia&parent=2018"}],"wp:term":[{"taxonomy":"category","embeddable":true,"href":"https:\/\/asael.fr\/index.php?rest_route=%2Fwp%2Fv2%2Fcategories&post=2018"},{"taxonomy":"post_tag","embeddable":true,"href":"https:\/\/asael.fr\/index.php?rest_route=%2Fwp%2Fv2%2Ftags&post=2018"}],"curies":[{"name":"wp","href":"https:\/\/api.w.org\/{rel}","templated":true}]}}