{"id":1946,"date":"2025-08-22T11:44:57","date_gmt":"2025-08-22T10:44:57","guid":{"rendered":"https:\/\/asael.fr\/?p=1946"},"modified":"2025-08-22T11:44:58","modified_gmt":"2025-08-22T10:44:58","slug":"rendez-vous-a-la-place-de-lemploi-et-de-la-formation","status":"publish","type":"post","link":"https:\/\/asael.fr\/?p=1946","title":{"rendered":"<strong>Rendez-vous \u00e0 la place de l\u2019emploi et de la formation\u2026<\/strong>"},"content":{"rendered":"\n<p><\/p>\n\n\n\n<p>L\u2019ASAEL a r\u00e9pondu pr\u00e9sente \u00e0 l\u2019invitation de France Travail, pour participer au forum des m\u00e9tiers et de la formation, \u00e0 Morcenx-la-Nouvelle.<\/p>\n<p>L\u2019association \u00e9tant un employeur landais, souhaitait participer \u00e0 cet \u00e9v\u00e8nement afin de pr\u00e9senter, \u00e0 des chercheurs d\u2019emploi, les avantages des m\u00e9tiers du social.<\/p>\n<p>Dans cette p\u00e9riode de crise d\u2019attractivit\u00e9 des m\u00e9tiers de l\u2019accompagnement, toutes les vitrines favorisant l\u2019int\u00e9r\u00eat pour notre secteur d\u2019activit\u00e9, sont indispensables pour se faire conna\u00eetre et capter les talents qui viendront \u00e9toffer nos effectifs de professionnels.<\/p>\n<p>Madame Nathalie LASSERRE, \u00e9ducatrice sp\u00e9cialis\u00e9e, et monsieur Eric LAHBIB, directeur g\u00e9n\u00e9ral, se sont attel\u00e9s pour donner envie \u00e0 des demandeurs d\u2019emploi, pour certains en reconversion, de se tourner vers les m\u00e9tiers du social.<\/p>\n<p>\u00a0<\/p>\n<p>\u00a0<\/p>\n\n\n\n<div class=\"wp-block-columns is-layout-flex wp-container-core-columns-is-layout-9d6595d7 wp-block-columns-is-layout-flex\">\n<div class=\"wp-block-column is-layout-flow wp-block-column-is-layout-flow\">\n<figure class=\"wp-block-image size-full is-resized\"><a href=\"https:\/\/asael.fr\/wp-content\/uploads\/2025\/08\/image-11.png\"><img loading=\"lazy\" decoding=\"async\" src=\"https:\/\/asael.fr\/wp-content\/uploads\/2025\/08\/image-11.png\" alt=\"\" class=\"wp-image-1947\" width=\"360\" height=\"270\" srcset=\"https:\/\/asael.fr\/wp-content\/uploads\/2025\/08\/image-11.png 945w, https:\/\/asael.fr\/wp-content\/uploads\/2025\/08\/image-11-300x225.png 300w, https:\/\/asael.fr\/wp-content\/uploads\/2025\/08\/image-11-768x576.png 768w\" sizes=\"auto, (max-width: 360px) 100vw, 360px\" \/><\/a><\/figure>\n<\/div>\n\n\n\n<div class=\"wp-block-column is-layout-flow wp-block-column-is-layout-flow\">\n<figure class=\"wp-block-image size-full is-resized\"><a href=\"https:\/\/asael.fr\/wp-content\/uploads\/2025\/08\/image-12.png\"><img loading=\"lazy\" decoding=\"async\" src=\"https:\/\/asael.fr\/wp-content\/uploads\/2025\/08\/image-12.png\" alt=\"\" class=\"wp-image-1948\" width=\"363\" height=\"272\" srcset=\"https:\/\/asael.fr\/wp-content\/uploads\/2025\/08\/image-12.png 945w, https:\/\/asael.fr\/wp-content\/uploads\/2025\/08\/image-12-300x225.png 300w, https:\/\/asael.fr\/wp-content\/uploads\/2025\/08\/image-12-768x576.png 768w\" sizes=\"auto, (max-width: 363px) 100vw, 363px\" \/><\/a><\/figure>\n<\/div>\n<\/div>\n\n\n\n<div class=\"wp-block-columns is-layout-flex wp-container-core-columns-is-layout-9d6595d7 wp-block-columns-is-layout-flex\">\n<div class=\"wp-block-column is-layout-flow wp-block-column-is-layout-flow\">\n<figure class=\"wp-block-image size-full is-resized\"><a href=\"https:\/\/asael.fr\/wp-content\/uploads\/2025\/08\/image-13.png\"><img loading=\"lazy\" decoding=\"async\" src=\"https:\/\/asael.fr\/wp-content\/uploads\/2025\/08\/image-13.png\" alt=\"\" class=\"wp-image-1949\" width=\"357\" height=\"268\" srcset=\"https:\/\/asael.fr\/wp-content\/uploads\/2025\/08\/image-13.png 945w, https:\/\/asael.fr\/wp-content\/uploads\/2025\/08\/image-13-300x225.png 300w, https:\/\/asael.fr\/wp-content\/uploads\/2025\/08\/image-13-768x576.png 768w\" sizes=\"auto, (max-width: 357px) 100vw, 357px\" \/><\/a><\/figure>\n<\/div>\n\n\n\n<div class=\"wp-block-column is-layout-flow wp-block-column-is-layout-flow\">\n<figure class=\"wp-block-image size-full is-resized\"><a href=\"https:\/\/asael.fr\/wp-content\/uploads\/2025\/08\/image-14.png\"><img loading=\"lazy\" decoding=\"async\" src=\"https:\/\/asael.fr\/wp-content\/uploads\/2025\/08\/image-14.png\" alt=\"\" class=\"wp-image-1950\" width=\"326\" height=\"434\" srcset=\"https:\/\/asael.fr\/wp-content\/uploads\/2025\/08\/image-14.png 709w, https:\/\/asael.fr\/wp-content\/uploads\/2025\/08\/image-14-225x300.png 225w\" sizes=\"auto, (max-width: 326px) 100vw, 326px\" \/><\/a><\/figure>\n<\/div>\n<\/div>\n","protected":false},"excerpt":{"rendered":"<p>L\u2019ASAEL a r\u00e9pondu pr\u00e9sente \u00e0 l\u2019invitation de France Travail, pour participer au forum des m\u00e9tiers et de la formation, \u00e0 Morcenx-la-Nouvelle. L\u2019association \u00e9tant un employeur landais, souhaitait participer \u00e0 cet \u00e9v\u00e8nement afin de pr\u00e9senter,&#46;&#46;&#46;<\/p>\n","protected":false},"author":4,"featured_media":1947,"comment_status":"closed","ping_status":"closed","sticky":true,"template":"","format":"standard","meta":{"footnotes":""},"categories":[2],"tags":[],"class_list":["post-1946","post","type-post","status-publish","format-standard","has-post-thumbnail","hentry","category-actualite"],"_links":{"self":[{"href":"https:\/\/asael.fr\/index.php?rest_route=\/wp\/v2\/posts\/1946","targetHints":{"allow":["GET"]}}],"collection":[{"href":"https:\/\/asael.fr\/index.php?rest_route=\/wp\/v2\/posts"}],"about":[{"href":"https:\/\/asael.fr\/index.php?rest_route=\/wp\/v2\/types\/post"}],"author":[{"embeddable":true,"href":"https:\/\/asael.fr\/index.php?rest_route=\/wp\/v2\/users\/4"}],"replies":[{"embeddable":true,"href":"https:\/\/asael.fr\/index.php?rest_route=%2Fwp%2Fv2%2Fcomments&post=1946"}],"version-history":[{"count":1,"href":"https:\/\/asael.fr\/index.php?rest_route=\/wp\/v2\/posts\/1946\/revisions"}],"predecessor-version":[{"id":1951,"href":"https:\/\/asael.fr\/index.php?rest_route=\/wp\/v2\/posts\/1946\/revisions\/1951"}],"wp:featuredmedia":[{"embeddable":true,"href":"https:\/\/asael.fr\/index.php?rest_route=\/wp\/v2\/media\/1947"}],"wp:attachment":[{"href":"https:\/\/asael.fr\/index.php?rest_route=%2Fwp%2Fv2%2Fmedia&parent=1946"}],"wp:term":[{"taxonomy":"category","embeddable":true,"href":"https:\/\/asael.fr\/index.php?rest_route=%2Fwp%2Fv2%2Fcategories&post=1946"},{"taxonomy":"post_tag","embeddable":true,"href":"https:\/\/asael.fr\/index.php?rest_route=%2Fwp%2Fv2%2Ftags&post=1946"}],"curies":[{"name":"wp","href":"https:\/\/api.w.org\/{rel}","templated":true}]}}