{"id":1225,"date":"2023-11-17T11:04:20","date_gmt":"2023-11-17T10:04:20","guid":{"rendered":"https:\/\/asael.fr\/?p=1225"},"modified":"2024-10-15T14:23:33","modified_gmt":"2024-10-15T13:23:33","slug":"lasael-recoit-le-label-employeur-partenaire-des-sapeurs-pompiers","status":"publish","type":"post","link":"https:\/\/asael.fr\/?p=1225","title":{"rendered":"L\u2019ASAEL re\u00e7oit le label employeur partenaire des sapeurs-pompiers."},"content":{"rendered":"\n<p>Le mardi 14 novembre, l\u2019ASAEL \u00e9tait invit\u00e9e par le Service D\u00e9partemental d\u2019Incendie et de Secours des Landes (SDIS 40). Cette soir\u00e9e r\u00e9unissait un certain nombre d\u2019employeurs priv\u00e9s et publics du d\u00e9partement.<\/p>\n\n\n\n<p>Lors de cet \u00e9v\u00e8nement, l\u2019association a re\u00e7u des mains de madame Fran\u00e7oise TAHERI, Pr\u00e9f\u00e8te des Landes, et de monsieur Marcel PRUET, Pr\u00e9sident du Conseil d\u2019Administration du SDIS des Landes, le label officiel d\u2019employeur partenaire des sapeurs-pompiers.<\/p>\n\n\n\n<p>Cette distinction met \u00e0 l\u2019honneur l\u2019engagement de l\u2019ASAEL, dans sa politique favorisant la mobilisation de ses salari\u00e9s dans des actions citoyennes. En l\u2019occurrence, l\u2019association soutient les professionnels qui deviennent sapeurs-pompiers volontaires.<\/p>\n\n\n\n<div class=\"wp-block-columns is-layout-flex wp-container-core-columns-is-layout-9d6595d7 wp-block-columns-is-layout-flex\">\n<div class=\"wp-block-column is-layout-flow wp-block-column-is-layout-flow\" style=\"flex-basis:100%\"><\/div>\n<\/div>\n\n\n\n<div class=\"wp-block-columns is-layout-flex wp-container-core-columns-is-layout-9d6595d7 wp-block-columns-is-layout-flex\">\n<div class=\"wp-block-column is-layout-flow wp-block-column-is-layout-flow\">\n<figure class=\"wp-block-image size-full is-resized\"><a href=\"https:\/\/asael.fr\/wp-content\/uploads\/2023\/11\/prefecture-3.jpg\"><img loading=\"lazy\" decoding=\"async\" src=\"https:\/\/asael.fr\/wp-content\/uploads\/2023\/11\/prefecture-3-edited.jpg\" alt=\"\" class=\"wp-image-1235\" width=\"329\" height=\"439\" srcset=\"https:\/\/asael.fr\/wp-content\/uploads\/2023\/11\/prefecture-3-edited.jpg 240w, https:\/\/asael.fr\/wp-content\/uploads\/2023\/11\/prefecture-3-edited-225x300.jpg 225w\" sizes=\"auto, (max-width: 329px) 100vw, 329px\" \/><\/a><\/figure>\n<\/div>\n\n\n\n<div class=\"wp-block-column is-layout-flow wp-block-column-is-layout-flow\">\n<figure class=\"wp-block-image size-full is-resized\"><a href=\"https:\/\/asael.fr\/wp-content\/uploads\/2023\/11\/prefecture2.jpg\"><img loading=\"lazy\" decoding=\"async\" src=\"https:\/\/asael.fr\/wp-content\/uploads\/2023\/11\/prefecture2.jpg\" alt=\"\" class=\"wp-image-1227\" width=\"463\" height=\"347\" srcset=\"https:\/\/asael.fr\/wp-content\/uploads\/2023\/11\/prefecture2.jpg 320w, https:\/\/asael.fr\/wp-content\/uploads\/2023\/11\/prefecture2-300x225.jpg 300w\" sizes=\"auto, (max-width: 463px) 100vw, 463px\" \/><\/a><\/figure>\n<\/div>\n<\/div>\n\n\n\n<div class=\"wp-block-columns is-layout-flex wp-container-core-columns-is-layout-9d6595d7 wp-block-columns-is-layout-flex\">\n<div class=\"wp-block-column is-layout-flow wp-block-column-is-layout-flow\">\n<figure class=\"wp-block-image size-full is-resized\"><a href=\"https:\/\/asael.fr\/wp-content\/uploads\/2023\/11\/prefecture3.jpg\"><img loading=\"lazy\" decoding=\"async\" src=\"https:\/\/asael.fr\/wp-content\/uploads\/2023\/11\/prefecture3.jpg\" alt=\"\" class=\"wp-image-1228\" width=\"463\" height=\"347\" srcset=\"https:\/\/asael.fr\/wp-content\/uploads\/2023\/11\/prefecture3.jpg 320w, https:\/\/asael.fr\/wp-content\/uploads\/2023\/11\/prefecture3-300x225.jpg 300w\" sizes=\"auto, (max-width: 463px) 100vw, 463px\" \/><\/a><\/figure>\n<\/div>\n\n\n\n<div class=\"wp-block-column is-layout-flow wp-block-column-is-layout-flow\">\n<figure class=\"wp-block-image size-full is-resized\"><a href=\"https:\/\/asael.fr\/wp-content\/uploads\/2023\/11\/prefecture4.jpg\"><img loading=\"lazy\" decoding=\"async\" src=\"https:\/\/asael.fr\/wp-content\/uploads\/2023\/11\/prefecture4.jpg\" alt=\"\" class=\"wp-image-1229\" width=\"467\" height=\"350\" srcset=\"https:\/\/asael.fr\/wp-content\/uploads\/2023\/11\/prefecture4.jpg 320w, https:\/\/asael.fr\/wp-content\/uploads\/2023\/11\/prefecture4-300x225.jpg 300w\" sizes=\"auto, (max-width: 467px) 100vw, 467px\" \/><\/a><\/figure>\n<\/div>\n<\/div>\n\n\n","protected":false},"excerpt":{"rendered":"<p>Le mardi 14 novembre, l\u2019ASAEL \u00e9tait invit\u00e9e par le Service D\u00e9partemental d\u2019Incendie et de Secours des Landes (SDIS 40). Cette soir\u00e9e r\u00e9unissait un certain nombre d\u2019employeurs priv\u00e9s et publics du d\u00e9partement. Lors de cet&#46;&#46;&#46;<\/p>\n","protected":false},"author":4,"featured_media":1227,"comment_status":"closed","ping_status":"closed","sticky":false,"template":"","format":"standard","meta":{"footnotes":""},"categories":[4],"tags":[],"class_list":["post-1225","post","type-post","status-publish","format-standard","has-post-thumbnail","hentry","category-4"],"_links":{"self":[{"href":"https:\/\/asael.fr\/index.php?rest_route=\/wp\/v2\/posts\/1225","targetHints":{"allow":["GET"]}}],"collection":[{"href":"https:\/\/asael.fr\/index.php?rest_route=\/wp\/v2\/posts"}],"about":[{"href":"https:\/\/asael.fr\/index.php?rest_route=\/wp\/v2\/types\/post"}],"author":[{"embeddable":true,"href":"https:\/\/asael.fr\/index.php?rest_route=\/wp\/v2\/users\/4"}],"replies":[{"embeddable":true,"href":"https:\/\/asael.fr\/index.php?rest_route=%2Fwp%2Fv2%2Fcomments&post=1225"}],"version-history":[{"count":3,"href":"https:\/\/asael.fr\/index.php?rest_route=\/wp\/v2\/posts\/1225\/revisions"}],"predecessor-version":[{"id":1237,"href":"https:\/\/asael.fr\/index.php?rest_route=\/wp\/v2\/posts\/1225\/revisions\/1237"}],"wp:featuredmedia":[{"embeddable":true,"href":"https:\/\/asael.fr\/index.php?rest_route=\/wp\/v2\/media\/1227"}],"wp:attachment":[{"href":"https:\/\/asael.fr\/index.php?rest_route=%2Fwp%2Fv2%2Fmedia&parent=1225"}],"wp:term":[{"taxonomy":"category","embeddable":true,"href":"https:\/\/asael.fr\/index.php?rest_route=%2Fwp%2Fv2%2Fcategories&post=1225"},{"taxonomy":"post_tag","embeddable":true,"href":"https:\/\/asael.fr\/index.php?rest_route=%2Fwp%2Fv2%2Ftags&post=1225"}],"curies":[{"name":"wp","href":"https:\/\/api.w.org\/{rel}","templated":true}]}}